{"id":15303,"__str__":"Projeto de Lei Ordin\u00e1ria n\u00ba 222 de 2022","link_detail_backend":"/materia/15303","metadata":{},"numero":222,"ano":2022,"numero_protocolo":829,"data_apresentacao":"2022-05-25","tipo_apresentacao":"","data_publicacao":null,"numero_origem_externa":"","ano_origem_externa":null,"data_origem_externa":null,"apelido":"","dias_prazo":null,"data_fim_prazo":null,"em_tramitacao":false,"polemica":false,"objeto":"","complementar":false,"ementa":"INSTITUI A CAMPANHA DE VALORIZA\u00c7\u00c3O DA VIDA DENOMINADA \"SETEMBRO AMARELO\" E O DIA MUNICIPAL DE PREVEN\u00c7\u00c3O AO SUICIDIO NO CALEND\u00c1RIO OFICIAL DO MUNICIPIO DE RIO DAS OSTRAS.","indexacao":"","observacao":"","resultado":"","texto_original":"http://sapl.riodasostras.rj.leg.br/media/sapl/public/materialegislativa/2022/15303/projeto_de_lei_222-2022.pdf","data_ultima_atualizacao":"2022-08-25T09:45:15.806565-03:00","ip":"186.194.47.122","ultima_edicao":"2022-05-25T13:45:49.420419-03:00","tipo":2,"regime_tramitacao":1,"tipo_origem_externa":null,"local_origem_externa":null,"user":25,"anexadas":[],"autores":[49]}