{"id":15553,"__str__":"Projeto de Lei Ordin\u00e1ria n\u00ba 281 de 2022","link_detail_backend":"/materia/15553","metadata":{},"numero":281,"ano":2022,"numero_protocolo":1046,"data_apresentacao":"2022-07-07","tipo_apresentacao":"","data_publicacao":null,"numero_origem_externa":"","ano_origem_externa":null,"data_origem_externa":null,"apelido":"","dias_prazo":null,"data_fim_prazo":null,"em_tramitacao":false,"polemica":false,"objeto":"","complementar":false,"ementa":"Veda qualquer discrimina\u00e7\u00e3o \u00e0 crian\u00e7a e ao adolescente com defici\u00eancia ou doen\u00e7a cr\u00f4nica nos estabelecimentos de ensino, creches ou similares, em institui\u00e7\u00f5es p\u00fablicas ou privadas, no \u00e2mbito do Munic\u00edpio de Rio das Ostras e d\u00e1 outras provid\u00eancias.","indexacao":"","observacao":"","resultado":"","texto_original":"http://sapl.riodasostras.rj.leg.br/media/sapl/public/materialegislativa/2022/15553/projeto_de_lei_281-2022__mauricio_-_veda_a_discriminacao_contra_criancas_e_adolescente_com_doencas_cronicas_nas_escolas_de_rio_das_ostras.pdf","data_ultima_atualizacao":"2022-11-25T08:23:32.364526-03:00","ip":"186.194.47.122","ultima_edicao":"2022-07-07T14:29:19.058338-03:00","tipo":2,"regime_tramitacao":1,"tipo_origem_externa":null,"local_origem_externa":null,"user":24,"anexadas":[],"autores":[70]}