{"id":15689,"__str__":"Projeto de Lei Ordin\u00e1ria n\u00ba 330 de 2022","link_detail_backend":"/materia/15689","metadata":{},"numero":330,"ano":2022,"numero_protocolo":1172,"data_apresentacao":"2022-08-15","tipo_apresentacao":"","data_publicacao":null,"numero_origem_externa":"","ano_origem_externa":null,"data_origem_externa":null,"apelido":"","dias_prazo":null,"data_fim_prazo":null,"em_tramitacao":false,"polemica":false,"objeto":"","complementar":false,"ementa":"\u201cFica institu\u00edda a campanha \u201cSetembro Verde\u201d e o Programa de Mapeamento Socioecon\u00f4mico no munic\u00edpio de Rio das Ostras e d\u00e1 outras provid\u00eancias. \u201d","indexacao":"","observacao":"","resultado":"","texto_original":"http://sapl.riodasostras.rj.leg.br/media/sapl/public/materialegislativa/2022/15689/projeto_de_lei_330-2022_setembro_verde_mapeamento.pdf","data_ultima_atualizacao":"2022-12-07T11:04:31.409885-03:00","ip":"186.194.47.122","ultima_edicao":"2022-08-15T15:10:44.817908-03:00","tipo":2,"regime_tramitacao":1,"tipo_origem_externa":null,"local_origem_externa":null,"user":24,"anexadas":[],"autores":[73]}