{"id":16213,"__str__":"Projeto de Lei Ordin\u00e1ria n\u00ba 28 de 2023","link_detail_backend":"/materia/16213","metadata":{},"numero":28,"ano":2023,"numero_protocolo":32,"data_apresentacao":"2023-01-17","tipo_apresentacao":"","data_publicacao":null,"numero_origem_externa":"","ano_origem_externa":null,"data_origem_externa":null,"apelido":"","dias_prazo":null,"data_fim_prazo":null,"em_tramitacao":false,"polemica":false,"objeto":"","complementar":false,"ementa":"Disp\u00f5e sobre a Pol\u00edtica de Diagn\u00f3stico e Tratamento da Depress\u00e3o P\u00f3s-Parto na Rede Municipal de Sa\u00fade e d\u00e1 outras provid\u00eancias.","indexacao":"","observacao":"","resultado":"","texto_original":"http://sapl.riodasostras.rj.leg.br/media/sapl/public/materialegislativa/2023/16213/projeto_de_lei_28-2023__mauricio_-_dispoe_sobre_a_politica_diagnostico_depressao_pos-parto.pdf","data_ultima_atualizacao":"2023-08-28T09:53:48.603349-03:00","ip":"186.194.47.122","ultima_edicao":"2023-01-17T13:23:23.490439-03:00","tipo":2,"regime_tramitacao":1,"tipo_origem_externa":null,"local_origem_externa":null,"user":24,"anexadas":[],"autores":[70]}