{"id":16477,"__str__":"Indica\u00e7\u00e3o n\u00ba 192 de 2023","link_detail_backend":"/materia/16477","metadata":{},"numero":192,"ano":2023,"numero_protocolo":290,"data_apresentacao":"2023-02-14","tipo_apresentacao":"E","data_publicacao":null,"numero_origem_externa":"","ano_origem_externa":null,"data_origem_externa":null,"apelido":"","dias_prazo":null,"data_fim_prazo":null,"em_tramitacao":false,"polemica":false,"objeto":"","complementar":false,"ementa":"INDICA ao Exmo. Sr. Prefeito Municipal que, em obedi\u00eancia ao ordenamento p\u00e1trio, que as faixas de pedestres ao longo da Rodovia Amaral Peixoto, em desacordo com o que estipula a legisla\u00e7\u00e3o pertinente, sejam adaptadas, obedecendo-se a ordem de prioridade que vise \u00e0 maior efici\u00eancia das modifica\u00e7\u00f5es, no sentido de promover mais ampla acessibilidade \u00e0s pessoas portadoras de defici\u00eancia ou com mobilidade reduzida, nesta cidade.","indexacao":"","observacao":"","resultado":"","texto_original":"http://sapl.riodasostras.rj.leg.br/media/sapl/public/materialegislativa/2023/16477/indicacao_192-2023.pdf","data_ultima_atualizacao":"2023-03-20T17:40:40.513652-03:00","ip":"186.194.47.122","ultima_edicao":"2023-02-14T14:38:50.113066-03:00","tipo":12,"regime_tramitacao":1,"tipo_origem_externa":null,"local_origem_externa":null,"user":25,"anexadas":[],"autores":[75]}