{"id":16660,"__str__":"Projeto  de Lei Ordin\u00e1ria do Executivo n\u00ba 7 de 2023","link_detail_backend":"/materia/16660","metadata":{},"numero":7,"ano":2023,"numero_protocolo":null,"data_apresentacao":"2023-03-17","tipo_apresentacao":"","data_publicacao":null,"numero_origem_externa":"","ano_origem_externa":null,"data_origem_externa":null,"apelido":"","dias_prazo":null,"data_fim_prazo":null,"em_tramitacao":false,"polemica":false,"objeto":"","complementar":false,"ementa":"DISP\u00d5E SOBRE O RECONHECIMENTO DA FESTA DE S\u00c3O PEDRO COMO GENU\u00cdNA EXPRESS\u00c3O E PATRIM\u00d4NIO IMATERIAL DA CULTURA LOCAL.","indexacao":"","observacao":"","resultado":"","texto_original":"http://sapl.riodasostras.rj.leg.br/media/sapl/public/materialegislativa/2023/16660/projeto_de_lei_007-2023_-pe.pdf","data_ultima_atualizacao":"2023-04-25T15:39:15.597029-03:00","ip":"186.194.47.122","ultima_edicao":"2023-03-17T16:56:37.329420-03:00","tipo":30,"regime_tramitacao":1,"tipo_origem_externa":null,"local_origem_externa":null,"user":24,"anexadas":[],"autores":[40]}