{"id":16715,"__str__":"Projeto de Lei Ordin\u00e1ria n\u00ba 143 de 2023","link_detail_backend":"/materia/16715","metadata":{},"numero":143,"ano":2023,"numero_protocolo":517,"data_apresentacao":"2023-04-03","tipo_apresentacao":"E","data_publicacao":null,"numero_origem_externa":"","ano_origem_externa":null,"data_origem_externa":null,"apelido":"","dias_prazo":null,"data_fim_prazo":null,"em_tramitacao":false,"polemica":false,"objeto":"","complementar":false,"ementa":"Obriga os Agentes P\u00fablicos Ocupantes de Cargos de Agentes Pol\u00edticos da Administra\u00e7\u00e3o P\u00fablica Municipal a Matricularem seus Filhos e Dependentes em Escolas P\u00fablicas.","indexacao":"","observacao":"","resultado":"","texto_original":"http://sapl.riodasostras.rj.leg.br/media/sapl/public/materialegislativa/2023/16715/projeto_de_lei_143-2023.pdf","data_ultima_atualizacao":"2023-12-19T09:52:06.318807-03:00","ip":"186.194.47.122","ultima_edicao":"2023-04-03T09:03:37.917709-03:00","tipo":2,"regime_tramitacao":1,"tipo_origem_externa":null,"local_origem_externa":null,"user":25,"anexadas":[],"autores":[11]}