{"id":17078,"__str__":"Mo\u00e7\u00e3o de Congratula\u00e7\u00f5es e Aplausos n\u00ba 47 de 2023","link_detail_backend":"/materia/17078","metadata":{},"numero":47,"ano":2023,"numero_protocolo":851,"data_apresentacao":"2023-06-19","tipo_apresentacao":"","data_publicacao":null,"numero_origem_externa":"","ano_origem_externa":null,"data_origem_externa":null,"apelido":"","dias_prazo":null,"data_fim_prazo":null,"em_tramitacao":false,"polemica":false,"objeto":"","complementar":false,"ementa":"Morador de Rio Das Ostras desde 2008, estudou no Jacinto durante a adolesc\u00eancia e na UFF durante a faculdade. Foi sendo campe\u00e3o universit\u00e1rio representando a UFF de Rio das Ostras que as portas se abriram pra ele. \r\nJogador de E-sports do Flamengo j\u00e1 fazem dois anos e tamb\u00e9m apresentador de um programa de games na FlaTV.\r\nNo seu programa j\u00e1 entrevistou e jogou com nomes como Gabigol e Olivinha por exemplo, \u00eddolos do Flamengo em diferentes modalidades.\r\nEm 2019 levou o nome de Rio Das Ostras para o Brasil e o Mundo, foi campe\u00e3o das Am\u00e9ricas na Cidade do M\u00e9xico. No mesmo ano, disputou o mundial de futebol virtual no Emirates Stadium, est\u00e1dio do Arsenal em Londres. Foi terceiro lugar daquele mundial.\r\nAl\u00e9m desses t\u00edtulos, j\u00e1 foi campe\u00e3o argentino representando o Independente da Argentina e eu tamb\u00e9m sou o atual campe\u00e3o do e-Brasileir\u00e3o, torneio organizado e disputado na sede da CBF e paralelo ao Brasileir\u00e3o da vida real.\r\nAssim, fazendo-se merecedor desta homenagem.","indexacao":"","observacao":"","resultado":"","texto_original":"http://sapl.riodasostras.rj.leg.br/media/sapl/public/materialegislativa/2023/17078/mocao_047-2023__vitor_araujo_abdalla.pdf","data_ultima_atualizacao":"2023-08-22T16:22:47.548627-03:00","ip":"186.194.47.122","ultima_edicao":"2023-06-19T15:33:08.387568-03:00","tipo":6,"regime_tramitacao":1,"tipo_origem_externa":null,"local_origem_externa":null,"user":24,"anexadas":[],"autores":[13]}