{"id":17094,"__str__":"Requerimento n\u00ba 51 de 2023","link_detail_backend":"/materia/17094","metadata":{},"numero":51,"ano":2023,"numero_protocolo":867,"data_apresentacao":"2023-06-26","tipo_apresentacao":"","data_publicacao":null,"numero_origem_externa":"","ano_origem_externa":null,"data_origem_externa":null,"apelido":"","dias_prazo":null,"data_fim_prazo":null,"em_tramitacao":false,"polemica":false,"objeto":"","complementar":false,"ementa":"O Vereador que a presente subscreve, ap\u00f3s cumprir as exig\u00eancias regimentais vigentes, e ouvido o soberano plen\u00e1rio, nos termos do Art. 133, do Regimento Interno da C\u00e2mara Municipal, REQUER ao Exmo. Sr. Prefeito Municipal que INFORME SOBRE AGENTES POL\u00cdTICOS, CARGOS COMISSIONADOS E FUN\u00c7\u00d5ES GRATIFICADAS QUE COMP\u00d5E A ESTRUTURA DA SECRETARIA MUNICIPAL DE ADMINISTRA\u00c7\u00c3O P\u00daBLICA- SEMAD, especificando o seguinte:\r\n1 - Agente Pol\u00edtico:\r\n\u00b7\tNomenclatura do Agente Pol\u00edtico;\r\n\u00b7\tS\u00edmbolo do Agente Pol\u00edtico;\r\n\u00b7\tQuantidade de Agentes Pol\u00edticos previstos na estrutura administrativa;\r\n\u00b7\tQuantidade de Agentes Pol\u00edticos ocupados na estrutura administrativa;\r\n\u00b7\tQuantidade de Agentes Pol\u00edticos vagos na estrutura administrativa;\r\n\u00b7\tValor do vencimento;\r\n\u00b7\tLota\u00e7\u00e3o;\r\n\u00b7\tLocal do efetivo exerc\u00edcio do cargo.\r\n2 - Cargo Comissionado:\r\n\u00b7\tNomenclatura do Cargo Comissionado;\r\n\u00b7\tS\u00edmbolo do Cargo Comissionado;\r\n\u00b7\tQuantidade de Cargos Comissionados previstos na estrutura administrativa;\r\n\u00b7\tQuantidade de Cargos Comissionados ocupados na estrutura administrativa;\r\n\u00b7\tQuantidade de Cargos Comissionados vagos na estrutura administrativa;\r\n\u00b7\tValor do vencimento;\r\n\u00b7\tLota\u00e7\u00e3o;\r\n\u00b7\tLocal do efetivo exerc\u00edcio do cargo.\r\n\r\n3 - Fun\u00e7\u00e3o Gratificada:\r\n\u00b7\tNomenclatura da Fun\u00e7\u00e3o Gratificada;\r\n\u00b7\tS\u00edmbolo da Fun\u00e7\u00e3o Gratificada;\r\n\u00b7\tQuantidade de Fun\u00e7\u00f5es Gratificadas previstas na estrutura administrativa;\r\n\u00b7\tQuantidade de Fun\u00e7\u00f5es Gratificadas ocupadas na estrutura administrativa;\r\n\u00b7\tQuantidade de Fun\u00e7\u00f5es Gratificadas vagas na estrutura administrativa;\r\n\u00b7\tValor do vencimento;\r\n\u00b7\tLota\u00e7\u00e3o;\r\n\u00b7\tLocal do efetivo exerc\u00edcio do cargo.\r\nSolicito, ainda, que as informa\u00e7\u00f5es sejam disponibilizadas em formato digital, preferencialmente em arquivo PDF, para que possam ser compartilhadas com os demais vereadores e analisadas de maneira precisa","indexacao":"","observacao":"","resultado":"","texto_original":"http://sapl.riodasostras.rj.leg.br/media/sapl/public/materialegislativa/2023/17094/requerimento_051-2023__informacoes_cargos._semad.pdf","data_ultima_atualizacao":"2023-10-25T13:43:40.340816-03:00","ip":"186.194.47.122","ultima_edicao":"2023-06-26T15:09:09.756334-03:00","tipo":9,"regime_tramitacao":1,"tipo_origem_externa":null,"local_origem_externa":null,"user":24,"anexadas":[],"autores":[49]}