{"id":17188,"__str__":"Requerimento n\u00ba 71 de 2023","link_detail_backend":"/materia/17188","metadata":{},"numero":71,"ano":2023,"numero_protocolo":953,"data_apresentacao":"2023-08-02","tipo_apresentacao":"E","data_publicacao":null,"numero_origem_externa":"","ano_origem_externa":null,"data_origem_externa":null,"apelido":"","dias_prazo":null,"data_fim_prazo":null,"em_tramitacao":false,"polemica":false,"objeto":"","complementar":false,"ementa":"Os vereadores que o presente subscreve, ap\u00f3s cumprir as exig\u00eancias regimentais vigentes e ouvido o soberano plen\u00e1rio, CONVOCAM o Senhor Ademar Morais da Mata, CPF sob n\u00b0549.699.486-15, representante legal da empresa Horto Central Marata\u00edzes Ltda, a comparecer na C\u00e2mara Municipal de Rio das Ostras, no dia 28/08/2023 \u00e0s 10 horas, para tratar de assunto referente a presta\u00e7\u00e3o de servi\u00e7os no munic\u00edpio.","indexacao":"","observacao":"","resultado":"","texto_original":"http://sapl.riodasostras.rj.leg.br/media/sapl/public/materialegislativa/2023/17188/requerimento_071-2023.pdf","data_ultima_atualizacao":"2023-08-16T14:23:31.166166-03:00","ip":"186.194.47.122","ultima_edicao":"2023-08-02T16:10:06.388876-03:00","tipo":9,"regime_tramitacao":1,"tipo_origem_externa":null,"local_origem_externa":null,"user":25,"anexadas":[],"autores":[73]}