{"id":19147,"__str__":"Indica\u00e7\u00e3o n\u00ba 711 de 2025","link_detail_backend":"/materia/19147","metadata":{},"numero":711,"ano":2025,"numero_protocolo":880,"data_apresentacao":"2025-04-28","tipo_apresentacao":"","data_publicacao":null,"numero_origem_externa":"","ano_origem_externa":null,"data_origem_externa":null,"apelido":"","dias_prazo":null,"data_fim_prazo":null,"em_tramitacao":false,"polemica":false,"objeto":"","complementar":false,"ementa":"Exmo. Sr. Presidente da C\u00e2mara Municipal de Rio das Ostras.\r\n\r\nO Vereador que a presente subscreve, ap\u00f3s cumprir as exig\u00eancias regimentais vigentes, e ouvido o soberano plen\u00e1rio, INDICA ao Exmo. Senhor Prefeito Municipal, que determine a presen\u00e7a de Guardas Civis Municipais (GCM) \u2013 ao menos um \u2013 em tempo integral durante o hor\u00e1rio escolar, em todas as unidades de esino integrantes da rede p\u00fablica municipal educacional \u2013 eventualmente no seu interior, diga-se de passagem \u2013, compreendendo os hor\u00e1rios de pico, isto \u00e9, nos hor\u00e1rios de entrada e sa\u00edda dos alunos.","indexacao":"","observacao":"","resultado":"","texto_original":"http://sapl.riodasostras.rj.leg.br/media/sapl/public/materialegislativa/2025/19147/indicacao_711-25..pdf","data_ultima_atualizacao":"2025-05-19T16:29:49.570230-03:00","ip":"186.194.47.122","ultima_edicao":"2025-04-28T09:44:13.898631-03:00","tipo":12,"regime_tramitacao":1,"tipo_origem_externa":null,"local_origem_externa":null,"user":2,"anexadas":[],"autores":[98]}