{"id":19221,"__str__":"Mo\u00e7\u00e3o de Congratula\u00e7\u00f5es e Aplausos n\u00ba 38 de 2025","link_detail_backend":"/materia/19221","metadata":{},"numero":38,"ano":2025,"numero_protocolo":null,"data_apresentacao":"2025-05-09","tipo_apresentacao":"","data_publicacao":null,"numero_origem_externa":"","ano_origem_externa":null,"data_origem_externa":null,"apelido":"","dias_prazo":null,"data_fim_prazo":null,"em_tramitacao":false,"polemica":false,"objeto":"","complementar":false,"ementa":"Mo\u00e7\u00e3o de Congratula\u00e7\u00f5es e Aplausos a:\r\n\r\nVAGNER GON\u00c7ALVES MACHADO \u2013 2\u00ba SGT \u2013 PMRJ\r\nBRUNO DE AQUINO RIBEIRO - 2\u00ba SGT \u2013 PMRJ\r\nROMULO FERNANDES BARRETO - 3\u00ba SGT \u2013 PMRJ","indexacao":"","observacao":"","resultado":"","texto_original":"http://sapl.riodasostras.rj.leg.br/media/sapl/public/materialegislativa/2025/19221/mocao_38..pdf","data_ultima_atualizacao":"2025-05-14T11:03:23.125433-03:00","ip":"160.20.169.85","ultima_edicao":"2025-05-09T15:33:52.759566-03:00","tipo":6,"regime_tramitacao":1,"tipo_origem_externa":null,"local_origem_externa":null,"user":22,"anexadas":[],"autores":[11]}