{"id":19372,"__str__":"Indica\u00e7\u00e3o n\u00ba 826 de 2025","link_detail_backend":"/materia/19372","metadata":{},"numero":826,"ano":2025,"numero_protocolo":1110,"data_apresentacao":"2025-06-11","tipo_apresentacao":"","data_publicacao":null,"numero_origem_externa":"","ano_origem_externa":null,"data_origem_externa":null,"apelido":"","dias_prazo":null,"data_fim_prazo":null,"em_tramitacao":false,"polemica":false,"objeto":"","complementar":false,"ementa":"INDICA ao Exmo. Prefeito Municipal a ado\u00e7\u00e3o de medidas para conceder isen\u00e7\u00e3o da Contribui\u00e7\u00e3o para Custeio da Ilumina\u00e7\u00e3o P\u00fablica (CIP) \u00e0s m\u00e3es at\u00edpicas, respons\u00e1veis por pessoas com defici\u00eancia.","indexacao":"","observacao":"","resultado":"","texto_original":"http://sapl.riodasostras.rj.leg.br/media/sapl/public/materialegislativa/2025/19372/indicacao_826.pdf","data_ultima_atualizacao":"2025-07-01T09:40:44.117814-03:00","ip":"186.194.47.122","ultima_edicao":"2025-06-11T15:48:12.757731-03:00","tipo":12,"regime_tramitacao":1,"tipo_origem_externa":null,"local_origem_externa":null,"user":22,"anexadas":[],"autores":[96]}