{"id":19629,"__str__":"Mo\u00e7\u00e3o de Congratula\u00e7\u00f5es e Aplausos n\u00ba 80 de 2025","link_detail_backend":"/materia/19629","metadata":{},"numero":80,"ano":2025,"numero_protocolo":1368,"data_apresentacao":"2025-07-29","tipo_apresentacao":"","data_publicacao":null,"numero_origem_externa":"","ano_origem_externa":null,"data_origem_externa":null,"apelido":"","dias_prazo":null,"data_fim_prazo":null,"em_tramitacao":false,"polemica":false,"objeto":"","complementar":false,"ementa":"Mo\u00e7\u00e3o de Aplausos em reconhecimento ao m\u00e9rito e \u00e0 dedica\u00e7\u00e3o de Allan Rodrigo de Barros \r\n e seus amigos comerciantes e empres\u00e1rios cuja atua\u00e7\u00e3o foi exemplar e de grande relev\u00e2ncia para Rio das Ostras- RJ, com a organiza\u00e7\u00e3o do segundo Festival Gastron\u00f4mico.","indexacao":"","observacao":"","resultado":"","texto_original":"http://sapl.riodasostras.rj.leg.br/media/sapl/public/materialegislativa/2025/19629/mocao_080.pdf","data_ultima_atualizacao":"2025-08-13T09:46:45.389320-03:00","ip":"186.194.47.122","ultima_edicao":"2025-07-30T12:05:49.598733-03:00","tipo":6,"regime_tramitacao":1,"tipo_origem_externa":null,"local_origem_externa":null,"user":25,"anexadas":[],"autores":[16]}