{"id":19863,"__str__":"Projeto  de Lei Ordin\u00e1ria do Executivo n\u00ba 35 de 2025","link_detail_backend":"/materia/19863","metadata":{},"numero":35,"ano":2025,"numero_protocolo":null,"data_apresentacao":"2025-09-23","tipo_apresentacao":"E","data_publicacao":null,"numero_origem_externa":"","ano_origem_externa":null,"data_origem_externa":null,"apelido":"","dias_prazo":null,"data_fim_prazo":null,"em_tramitacao":false,"polemica":false,"objeto":"","complementar":false,"ementa":"Acresce Cargos Novos na Lei n\u00ba 1584/2011, que institui o Plano de Cargos, Carreiras e Vencimentos dos Servidores p\u00fablicos do quadro permanente da Administra\u00e7\u00e3o direta do Munic\u00edpio de Rio das Ostras.","indexacao":"","observacao":"","resultado":"","texto_original":"http://sapl.riodasostras.rj.leg.br/media/sapl/public/materialegislativa/2025/19863/projeto_de_lei_035-2025_000001.pdf","data_ultima_atualizacao":"2025-09-24T09:52:40.788504-03:00","ip":"186.194.47.122","ultima_edicao":"2025-09-23T15:32:26.127551-03:00","tipo":30,"regime_tramitacao":4,"tipo_origem_externa":null,"local_origem_externa":null,"user":24,"anexadas":[],"autores":[66]}