{"id":19940,"__str__":"Projeto de Lei Ordin\u00e1ria n\u00ba 280 de 2025","link_detail_backend":"/materia/19940","metadata":{},"numero":280,"ano":2025,"numero_protocolo":1680,"data_apresentacao":"2025-10-10","tipo_apresentacao":"","data_publicacao":null,"numero_origem_externa":"","ano_origem_externa":null,"data_origem_externa":null,"apelido":"","dias_prazo":null,"data_fim_prazo":null,"em_tramitacao":false,"polemica":false,"objeto":"","complementar":false,"ementa":"EMENTA: Institui a \"Semana da Empatia nas Escolas Municipais\" no calend\u00e1rio oficial do Munic\u00edpio de Rio das Ostras e d\u00e1 outras provid\u00eancias.","indexacao":"","observacao":"","resultado":"","texto_original":"http://sapl.riodasostras.rj.leg.br/media/sapl/public/materialegislativa/2025/19940/projeto_de_lei_280.pdf","data_ultima_atualizacao":"2025-12-01T16:41:39.398385-03:00","ip":"186.194.47.122","ultima_edicao":"2025-11-07T09:26:59.330265-03:00","tipo":2,"regime_tramitacao":1,"tipo_origem_externa":null,"local_origem_externa":null,"user":22,"anexadas":[],"autores":[3]}