{"id":20512,"__str__":"Indica\u00e7\u00e3o n\u00ba 281 de 2026","link_detail_backend":"/materia/20512","metadata":{},"numero":281,"ano":2026,"numero_protocolo":344,"data_apresentacao":"2026-01-22","tipo_apresentacao":"","data_publicacao":null,"numero_origem_externa":"","ano_origem_externa":null,"data_origem_externa":null,"apelido":"","dias_prazo":null,"data_fim_prazo":null,"em_tramitacao":false,"polemica":false,"objeto":"","complementar":false,"ementa":"INDICA ao Exmo indica ao Excelent\u00edssimo Senhor Prefeito Municipal de Rio das Ostras, Carlos Augusto Carvalho Balthazar, a cria\u00e7\u00e3o de um Espa\u00e7o Sensorial voltado ao atendimento e acolhimento de crian\u00e7as com Transtorno do Espectro Autista (TEA), em local de f\u00e1cil acesso, podendo ser instalado em unidade p\u00fablica de educa\u00e7\u00e3o, sa\u00fade ou lazer.","indexacao":"","observacao":"","resultado":"","texto_original":"http://sapl.riodasostras.rj.leg.br/media/sapl/public/materialegislativa/2026/20512/indicacao_281.pdf","data_ultima_atualizacao":"2026-02-24T17:20:44.340624-03:00","ip":"186.194.47.122","ultima_edicao":"2026-01-22T14:19:35.692849-03:00","tipo":12,"regime_tramitacao":1,"tipo_origem_externa":null,"local_origem_externa":null,"user":22,"anexadas":[],"autores":[16]}