{"id":20529,"__str__":"Indica\u00e7\u00e3o n\u00ba 293 de 2026","link_detail_backend":"/materia/20529","metadata":{},"numero":293,"ano":2026,"numero_protocolo":361,"data_apresentacao":"2026-01-28","tipo_apresentacao":"","data_publicacao":null,"numero_origem_externa":"","ano_origem_externa":null,"data_origem_externa":null,"apelido":"","dias_prazo":null,"data_fim_prazo":null,"em_tramitacao":false,"polemica":false,"objeto":"","complementar":false,"ementa":"INDICA ao Exmo. Prefeito. com c\u00f3pia ao Senhor Secret\u00e1rio Municipal de Sa\u00fade, solicitando estudos e provid\u00eancias a necessidade de a instala\u00e7\u00e3o de uma Sala de Curativo no Posto de Sa\u00fade Extens\u00e3o do Bosque.","indexacao":"","observacao":"","resultado":"","texto_original":"http://sapl.riodasostras.rj.leg.br/media/sapl/public/materialegislativa/2026/20529/indicacao_293.pdf","data_ultima_atualizacao":"2026-02-24T17:20:44.672494-03:00","ip":"186.194.47.122","ultima_edicao":"2026-01-28T11:32:03.822207-03:00","tipo":12,"regime_tramitacao":1,"tipo_origem_externa":null,"local_origem_externa":null,"user":25,"anexadas":[],"autores":[59]}