{"id":20579,"__str__":"Indica\u00e7\u00e3o n\u00ba 330 de 2026","link_detail_backend":"/materia/20579","metadata":{},"numero":330,"ano":2026,"numero_protocolo":411,"data_apresentacao":"2026-02-04","tipo_apresentacao":"","data_publicacao":null,"numero_origem_externa":"","ano_origem_externa":null,"data_origem_externa":null,"apelido":"","dias_prazo":null,"data_fim_prazo":null,"em_tramitacao":false,"polemica":false,"objeto":"","complementar":false,"ementa":"INDICA ao Excelent\u00edssimo Poder Executivo Municipal, por meio da Secretaria competente, que seja viabilizada a elabora\u00e7\u00e3o de projeto e a execu\u00e7\u00e3o de obra para constru\u00e7\u00e3o de uma feira permanente e definitiva na Pra\u00e7a Jaime Rodrigues Villar, localizada no Bairro Jardim Marileia, destinada \u00e0 realiza\u00e7\u00e3o da feira de gastronomia e artesanato atualmente instalada de forma provis\u00f3ria sob tendas.","indexacao":"","observacao":"","resultado":"","texto_original":"http://sapl.riodasostras.rj.leg.br/media/sapl/public/materialegislativa/2026/20579/indicacao_330.pdf","data_ultima_atualizacao":"2026-02-24T17:20:46.329773-03:00","ip":"186.194.47.122","ultima_edicao":"2026-02-04T16:00:37.260173-03:00","tipo":12,"regime_tramitacao":1,"tipo_origem_externa":null,"local_origem_externa":null,"user":22,"anexadas":[],"autores":[3]}