{"id":13744,"__str__":"Requerimento n\u00ba 2 de 2023 | MAT\u00c9RIA INCLUSA NA ORDEM DO DIA PARA VOTA\u00c7\u00c3O | 08/02/2023","link_detail_backend":"/materia/tramitacao/13744","metadata":{},"timestamp":"2023-02-08T15:38:47.175411-03:00","data_tramitacao":"2023-02-08","data_encaminhamento":"2023-02-08","urgente":false,"turno":"U","texto":"","data_fim_prazo":null,"ip":"186.194.47.122","ultima_edicao":"2023-02-08T15:38:36.080697-03:00","status":53,"materia":16377,"unidade_tramitacao_local":3,"unidade_tramitacao_destino":3,"user":77}