{"id":14758,"__str__":"Emenda Aditiva n\u00ba 2 de 2023 | MAT\u00c9RIA INCLUSA NA ORDEM DO DIA PARA VOTA\u00c7\u00c3O | 15/03/2023","link_detail_backend":"/materia/tramitacao/14758","metadata":{},"timestamp":"2023-03-15T16:11:51.585710-03:00","data_tramitacao":"2023-03-15","data_encaminhamento":"2023-03-15","urgente":false,"turno":"A","texto":"","data_fim_prazo":null,"ip":"186.194.47.122","ultima_edicao":"2023-03-15T16:11:36.400675-03:00","status":53,"materia":16575,"unidade_tramitacao_local":7,"unidade_tramitacao_destino":3,"user":68}