{"id":27543,"__str__":"Indica\u00e7\u00e3o n\u00ba 828 de 2025 | MAT\u00c9RIA INCLUSA NA ORDEM DO DIA PARA VOTA\u00c7\u00c3O | 31/07/2025","link_detail_backend":"/materia/tramitacao/27543","metadata":{},"timestamp":"2025-07-31T10:16:38.807976-03:00","data_tramitacao":"2025-07-31","data_encaminhamento":null,"urgente":false,"turno":"","texto":"","data_fim_prazo":null,"ip":"186.194.47.121","ultima_edicao":"2025-07-31T10:16:31.095066-03:00","status":53,"materia":19374,"unidade_tramitacao_local":3,"unidade_tramitacao_destino":3,"user":90}